{"id":1592,"date":"2026-04-29T20:54:21","date_gmt":"2026-04-29T18:54:21","guid":{"rendered":"https:\/\/www.tvgrebin.de\/?p=1592"},"modified":"2026-04-29T20:58:11","modified_gmt":"2026-04-29T18:58:11","slug":"tanzen-und-tischtennis-ab-juni-neu-im-verein","status":"publish","type":"post","link":"https:\/\/www.tvgrebin.de\/index.php\/2026\/04\/29\/tanzen-und-tischtennis-ab-juni-neu-im-verein\/","title":{"rendered":"Tanzen und Tischtennis ab Juni neu im Verein"},"content":{"rendered":"\n<p>Der TV Grebin bietet im Juni zwei neue Sportangebote f\u00fcr alle Interessierten an.<\/p>\n\n\n\n<p>Am <strong>06.06.2026<\/strong> findet der 1. Tanzabend ab 19.30 Uhr mit Tanzlehrer Robert Kr\u00fcger im Vereinsheim des TV Grebin statt. Zu schwungvoller Musik sollen die ersten Schritte Cha Cha Cha und Disco Fox getanzt werden. Wenn Du Lust hast, melde Dich gerne unter info@tvgrebin.de an. F\u00fcr Vereinsmitglieder ist der Tanzabend kostenfrei, alle anderen zahlen 15 \u20ac p.P.<\/p>\n\n\n\n<p>Eine Woche sp\u00e4ter, am <strong>12.06.2026<\/strong> ab 16.00 Uhr, startet die neue Sparte Tischtennis mit dem ersten Training. F\u00fcr Sportbegeisterte jeden Alters bietet Heide Augustin die M\u00f6glichkeit, den Tischtennisschl\u00e4ger zu schwingen und in spannende Duelle an der Platte einzusteigen.<\/p>\n\n\n\n<p>Kommt gerne vorbei!<\/p>\n\n\n\n<p>Euer TV Grebin<\/p>\n","protected":false},"excerpt":{"rendered":"<p>Der TV Grebin bietet im Juni zwei neue Sportangebote f\u00fcr alle Interessierten an. Am 06.06.2026 findet der 1. Tanzabend ab 19.30 Uhr mit Tanzlehrer Robert Kr\u00fcger im Vereinsheim des TV Grebin statt. Zu schwungvoller Musik sollen die ersten Schritte Cha Cha Cha und Disco Fox getanzt werden. Wenn Du Lust hast, melde Dich gerne unter<\/p>\n<div class=\"read-more\"><a href=\"https:\/\/www.tvgrebin.de\/index.php\/2026\/04\/29\/tanzen-und-tischtennis-ab-juni-neu-im-verein\/\" title=\"Read More\">Weiterlesen<i class=\"icon icon-angle-right\"><\/i><\/a><\/div>\n","protected":false},"author":2,"featured_media":0,"comment_status":"open","ping_status":"open","sticky":false,"template":"","format":"standard","meta":{"footnotes":""},"categories":[1],"tags":[],"class_list":{"0":"post-1592","1":"post","2":"type-post","3":"status-publish","4":"format-standard","6":"category-allgemein"},"yoast_head":"<!-- This site is optimized with the Yoast SEO plugin v27.5 - https:\/\/yoast.com\/product\/yoast-seo-wordpress\/ -->\n<title>Tanzen und Tischtennis ab Juni neu im Verein - TV Grebin<\/title>\n<meta name=\"robots\" content=\"index, follow, max-snippet:-1, max-image-preview:large, max-video-preview:-1\" \/>\n<link rel=\"canonical\" href=\"https:\/\/www.tvgrebin.de\/index.php\/2026\/04\/29\/tanzen-und-tischtennis-ab-juni-neu-im-verein\/\" \/>\n<meta property=\"og:locale\" content=\"de_DE\" \/>\n<meta property=\"og:type\" content=\"article\" \/>\n<meta property=\"og:title\" content=\"Tanzen und Tischtennis ab Juni neu im Verein - TV Grebin\" \/>\n<meta property=\"og:description\" content=\"Der TV Grebin bietet im Juni zwei neue Sportangebote f\u00fcr alle Interessierten an. Am 06.06.2026 findet der 1. Tanzabend ab 19.30 Uhr mit Tanzlehrer Robert Kr\u00fcger im Vereinsheim des TV Grebin statt. Zu schwungvoller Musik sollen die ersten Schritte Cha Cha Cha und Disco Fox getanzt werden. Wenn Du Lust hast, melde Dich gerne unterWeiterlesen\" \/>\n<meta property=\"og:url\" content=\"https:\/\/www.tvgrebin.de\/index.php\/2026\/04\/29\/tanzen-und-tischtennis-ab-juni-neu-im-verein\/\" \/>\n<meta property=\"og:site_name\" content=\"TV Grebin\" \/>\n<meta property=\"article:published_time\" content=\"2026-04-29T18:54:21+00:00\" \/>\n<meta property=\"article:modified_time\" content=\"2026-04-29T18:58:11+00:00\" \/>\n<meta name=\"author\" content=\"TV Grebin Redaktion\" \/>\n<meta name=\"twitter:card\" content=\"summary_large_image\" \/>\n<meta name=\"twitter:label1\" content=\"Verfasst von\" \/>\n\t<meta name=\"twitter:data1\" content=\"TV Grebin Redaktion\" \/>\n\t<meta name=\"twitter:label2\" content=\"Gesch\u00e4tzte Lesezeit\" \/>\n\t<meta name=\"twitter:data2\" content=\"1\u00a0Minute\" \/>\n<script type=\"application\/ld+json\" class=\"yoast-schema-graph\">{\"@context\":\"https:\\\/\\\/schema.org\",\"@graph\":[{\"@type\":\"Article\",\"@id\":\"https:\\\/\\\/www.tvgrebin.de\\\/index.php\\\/2026\\\/04\\\/29\\\/tanzen-und-tischtennis-ab-juni-neu-im-verein\\\/#article\",\"isPartOf\":{\"@id\":\"https:\\\/\\\/www.tvgrebin.de\\\/index.php\\\/2026\\\/04\\\/29\\\/tanzen-und-tischtennis-ab-juni-neu-im-verein\\\/\"},\"author\":{\"name\":\"TV Grebin Redaktion\",\"@id\":\"https:\\\/\\\/www.tvgrebin.de\\\/#\\\/schema\\\/person\\\/ac2f3c7122f38cdcf284ab59b6743850\"},\"headline\":\"Tanzen und Tischtennis ab Juni neu im Verein\",\"datePublished\":\"2026-04-29T18:54:21+00:00\",\"dateModified\":\"2026-04-29T18:58:11+00:00\",\"mainEntityOfPage\":{\"@id\":\"https:\\\/\\\/www.tvgrebin.de\\\/index.php\\\/2026\\\/04\\\/29\\\/tanzen-und-tischtennis-ab-juni-neu-im-verein\\\/\"},\"wordCount\":124,\"commentCount\":0,\"publisher\":{\"@id\":\"https:\\\/\\\/www.tvgrebin.de\\\/#organization\"},\"inLanguage\":\"de\",\"potentialAction\":[{\"@type\":\"CommentAction\",\"name\":\"Comment\",\"target\":[\"https:\\\/\\\/www.tvgrebin.de\\\/index.php\\\/2026\\\/04\\\/29\\\/tanzen-und-tischtennis-ab-juni-neu-im-verein\\\/#respond\"]}]},{\"@type\":\"WebPage\",\"@id\":\"https:\\\/\\\/www.tvgrebin.de\\\/index.php\\\/2026\\\/04\\\/29\\\/tanzen-und-tischtennis-ab-juni-neu-im-verein\\\/\",\"url\":\"https:\\\/\\\/www.tvgrebin.de\\\/index.php\\\/2026\\\/04\\\/29\\\/tanzen-und-tischtennis-ab-juni-neu-im-verein\\\/\",\"name\":\"Tanzen und Tischtennis ab Juni neu im Verein - TV Grebin\",\"isPartOf\":{\"@id\":\"https:\\\/\\\/www.tvgrebin.de\\\/#website\"},\"datePublished\":\"2026-04-29T18:54:21+00:00\",\"dateModified\":\"2026-04-29T18:58:11+00:00\",\"breadcrumb\":{\"@id\":\"https:\\\/\\\/www.tvgrebin.de\\\/index.php\\\/2026\\\/04\\\/29\\\/tanzen-und-tischtennis-ab-juni-neu-im-verein\\\/#breadcrumb\"},\"inLanguage\":\"de\",\"potentialAction\":[{\"@type\":\"ReadAction\",\"target\":[\"https:\\\/\\\/www.tvgrebin.de\\\/index.php\\\/2026\\\/04\\\/29\\\/tanzen-und-tischtennis-ab-juni-neu-im-verein\\\/\"]}]},{\"@type\":\"BreadcrumbList\",\"@id\":\"https:\\\/\\\/www.tvgrebin.de\\\/index.php\\\/2026\\\/04\\\/29\\\/tanzen-und-tischtennis-ab-juni-neu-im-verein\\\/#breadcrumb\",\"itemListElement\":[{\"@type\":\"ListItem\",\"position\":1,\"name\":\"Startseite\",\"item\":\"https:\\\/\\\/www.tvgrebin.de\\\/\"},{\"@type\":\"ListItem\",\"position\":2,\"name\":\"Tanzen und Tischtennis ab Juni neu im Verein\"}]},{\"@type\":\"WebSite\",\"@id\":\"https:\\\/\\\/www.tvgrebin.de\\\/#website\",\"url\":\"https:\\\/\\\/www.tvgrebin.de\\\/\",\"name\":\"TV Grebin\",\"description\":\"Turn- und Sportverein von 1927\",\"publisher\":{\"@id\":\"https:\\\/\\\/www.tvgrebin.de\\\/#organization\"},\"potentialAction\":[{\"@type\":\"SearchAction\",\"target\":{\"@type\":\"EntryPoint\",\"urlTemplate\":\"https:\\\/\\\/www.tvgrebin.de\\\/?s={search_term_string}\"},\"query-input\":{\"@type\":\"PropertyValueSpecification\",\"valueRequired\":true,\"valueName\":\"search_term_string\"}}],\"inLanguage\":\"de\"},{\"@type\":\"Organization\",\"@id\":\"https:\\\/\\\/www.tvgrebin.de\\\/#organization\",\"name\":\"TV Grebin\",\"url\":\"https:\\\/\\\/www.tvgrebin.de\\\/\",\"logo\":{\"@type\":\"ImageObject\",\"inLanguage\":\"de\",\"@id\":\"https:\\\/\\\/www.tvgrebin.de\\\/#\\\/schema\\\/logo\\\/image\\\/\",\"url\":\"\",\"contentUrl\":\"\",\"caption\":\"TV Grebin\"},\"image\":{\"@id\":\"https:\\\/\\\/www.tvgrebin.de\\\/#\\\/schema\\\/logo\\\/image\\\/\"}},{\"@type\":\"Person\",\"@id\":\"https:\\\/\\\/www.tvgrebin.de\\\/#\\\/schema\\\/person\\\/ac2f3c7122f38cdcf284ab59b6743850\",\"name\":\"TV Grebin Redaktion\",\"image\":{\"@type\":\"ImageObject\",\"inLanguage\":\"de\",\"@id\":\"https:\\\/\\\/www.tvgrebin.de\\\/wp-content\\\/litespeed\\\/avatar\\\/b92cb84c1162cb2fd94904a72c491393.jpg?ver=1777488325\",\"url\":\"https:\\\/\\\/www.tvgrebin.de\\\/wp-content\\\/litespeed\\\/avatar\\\/b92cb84c1162cb2fd94904a72c491393.jpg?ver=1777488325\",\"contentUrl\":\"https:\\\/\\\/www.tvgrebin.de\\\/wp-content\\\/litespeed\\\/avatar\\\/b92cb84c1162cb2fd94904a72c491393.jpg?ver=1777488325\",\"caption\":\"TV Grebin Redaktion\"},\"url\":\"https:\\\/\\\/www.tvgrebin.de\\\/index.php\\\/author\\\/tv-grebin-redaktion\\\/\"}]}<\/script>\n<!-- \/ Yoast SEO plugin. -->","yoast_head_json":{"title":"Tanzen und Tischtennis ab Juni neu im Verein - TV Grebin","robots":{"index":"index","follow":"follow","max-snippet":"max-snippet:-1","max-image-preview":"max-image-preview:large","max-video-preview":"max-video-preview:-1"},"canonical":"https:\/\/www.tvgrebin.de\/index.php\/2026\/04\/29\/tanzen-und-tischtennis-ab-juni-neu-im-verein\/","og_locale":"de_DE","og_type":"article","og_title":"Tanzen und Tischtennis ab Juni neu im Verein - TV Grebin","og_description":"Der TV Grebin bietet im Juni zwei neue Sportangebote f\u00fcr alle Interessierten an. Am 06.06.2026 findet der 1. Tanzabend ab 19.30 Uhr mit Tanzlehrer Robert Kr\u00fcger im Vereinsheim des TV Grebin statt. Zu schwungvoller Musik sollen die ersten Schritte Cha Cha Cha und Disco Fox getanzt werden. Wenn Du Lust hast, melde Dich gerne unterWeiterlesen","og_url":"https:\/\/www.tvgrebin.de\/index.php\/2026\/04\/29\/tanzen-und-tischtennis-ab-juni-neu-im-verein\/","og_site_name":"TV Grebin","article_published_time":"2026-04-29T18:54:21+00:00","article_modified_time":"2026-04-29T18:58:11+00:00","author":"TV Grebin Redaktion","twitter_card":"summary_large_image","twitter_misc":{"Verfasst von":"TV Grebin Redaktion","Gesch\u00e4tzte Lesezeit":"1\u00a0Minute"},"schema":{"@context":"https:\/\/schema.org","@graph":[{"@type":"Article","@id":"https:\/\/www.tvgrebin.de\/index.php\/2026\/04\/29\/tanzen-und-tischtennis-ab-juni-neu-im-verein\/#article","isPartOf":{"@id":"https:\/\/www.tvgrebin.de\/index.php\/2026\/04\/29\/tanzen-und-tischtennis-ab-juni-neu-im-verein\/"},"author":{"name":"TV Grebin Redaktion","@id":"https:\/\/www.tvgrebin.de\/#\/schema\/person\/ac2f3c7122f38cdcf284ab59b6743850"},"headline":"Tanzen und Tischtennis ab Juni neu im Verein","datePublished":"2026-04-29T18:54:21+00:00","dateModified":"2026-04-29T18:58:11+00:00","mainEntityOfPage":{"@id":"https:\/\/www.tvgrebin.de\/index.php\/2026\/04\/29\/tanzen-und-tischtennis-ab-juni-neu-im-verein\/"},"wordCount":124,"commentCount":0,"publisher":{"@id":"https:\/\/www.tvgrebin.de\/#organization"},"inLanguage":"de","potentialAction":[{"@type":"CommentAction","name":"Comment","target":["https:\/\/www.tvgrebin.de\/index.php\/2026\/04\/29\/tanzen-und-tischtennis-ab-juni-neu-im-verein\/#respond"]}]},{"@type":"WebPage","@id":"https:\/\/www.tvgrebin.de\/index.php\/2026\/04\/29\/tanzen-und-tischtennis-ab-juni-neu-im-verein\/","url":"https:\/\/www.tvgrebin.de\/index.php\/2026\/04\/29\/tanzen-und-tischtennis-ab-juni-neu-im-verein\/","name":"Tanzen und Tischtennis ab Juni neu im Verein - TV Grebin","isPartOf":{"@id":"https:\/\/www.tvgrebin.de\/#website"},"datePublished":"2026-04-29T18:54:21+00:00","dateModified":"2026-04-29T18:58:11+00:00","breadcrumb":{"@id":"https:\/\/www.tvgrebin.de\/index.php\/2026\/04\/29\/tanzen-und-tischtennis-ab-juni-neu-im-verein\/#breadcrumb"},"inLanguage":"de","potentialAction":[{"@type":"ReadAction","target":["https:\/\/www.tvgrebin.de\/index.php\/2026\/04\/29\/tanzen-und-tischtennis-ab-juni-neu-im-verein\/"]}]},{"@type":"BreadcrumbList","@id":"https:\/\/www.tvgrebin.de\/index.php\/2026\/04\/29\/tanzen-und-tischtennis-ab-juni-neu-im-verein\/#breadcrumb","itemListElement":[{"@type":"ListItem","position":1,"name":"Startseite","item":"https:\/\/www.tvgrebin.de\/"},{"@type":"ListItem","position":2,"name":"Tanzen und Tischtennis ab Juni neu im Verein"}]},{"@type":"WebSite","@id":"https:\/\/www.tvgrebin.de\/#website","url":"https:\/\/www.tvgrebin.de\/","name":"TV Grebin","description":"Turn- und Sportverein von 1927","publisher":{"@id":"https:\/\/www.tvgrebin.de\/#organization"},"potentialAction":[{"@type":"SearchAction","target":{"@type":"EntryPoint","urlTemplate":"https:\/\/www.tvgrebin.de\/?s={search_term_string}"},"query-input":{"@type":"PropertyValueSpecification","valueRequired":true,"valueName":"search_term_string"}}],"inLanguage":"de"},{"@type":"Organization","@id":"https:\/\/www.tvgrebin.de\/#organization","name":"TV Grebin","url":"https:\/\/www.tvgrebin.de\/","logo":{"@type":"ImageObject","inLanguage":"de","@id":"https:\/\/www.tvgrebin.de\/#\/schema\/logo\/image\/","url":"","contentUrl":"","caption":"TV Grebin"},"image":{"@id":"https:\/\/www.tvgrebin.de\/#\/schema\/logo\/image\/"}},{"@type":"Person","@id":"https:\/\/www.tvgrebin.de\/#\/schema\/person\/ac2f3c7122f38cdcf284ab59b6743850","name":"TV Grebin Redaktion","image":{"@type":"ImageObject","inLanguage":"de","@id":"https:\/\/www.tvgrebin.de\/wp-content\/litespeed\/avatar\/b92cb84c1162cb2fd94904a72c491393.jpg?ver=1777488325","url":"https:\/\/www.tvgrebin.de\/wp-content\/litespeed\/avatar\/b92cb84c1162cb2fd94904a72c491393.jpg?ver=1777488325","contentUrl":"https:\/\/www.tvgrebin.de\/wp-content\/litespeed\/avatar\/b92cb84c1162cb2fd94904a72c491393.jpg?ver=1777488325","caption":"TV Grebin Redaktion"},"url":"https:\/\/www.tvgrebin.de\/index.php\/author\/tv-grebin-redaktion\/"}]}},"_links":{"self":[{"href":"https:\/\/www.tvgrebin.de\/index.php\/wp-json\/wp\/v2\/posts\/1592","targetHints":{"allow":["GET"]}}],"collection":[{"href":"https:\/\/www.tvgrebin.de\/index.php\/wp-json\/wp\/v2\/posts"}],"about":[{"href":"https:\/\/www.tvgrebin.de\/index.php\/wp-json\/wp\/v2\/types\/post"}],"author":[{"embeddable":true,"href":"https:\/\/www.tvgrebin.de\/index.php\/wp-json\/wp\/v2\/users\/2"}],"replies":[{"embeddable":true,"href":"https:\/\/www.tvgrebin.de\/index.php\/wp-json\/wp\/v2\/comments?post=1592"}],"version-history":[{"count":3,"href":"https:\/\/www.tvgrebin.de\/index.php\/wp-json\/wp\/v2\/posts\/1592\/revisions"}],"predecessor-version":[{"id":1595,"href":"https:\/\/www.tvgrebin.de\/index.php\/wp-json\/wp\/v2\/posts\/1592\/revisions\/1595"}],"wp:attachment":[{"href":"https:\/\/www.tvgrebin.de\/index.php\/wp-json\/wp\/v2\/media?parent=1592"}],"wp:term":[{"taxonomy":"category","embeddable":true,"href":"https:\/\/www.tvgrebin.de\/index.php\/wp-json\/wp\/v2\/categories?post=1592"},{"taxonomy":"post_tag","embeddable":true,"href":"https:\/\/www.tvgrebin.de\/index.php\/wp-json\/wp\/v2\/tags?post=1592"}],"curies":[{"name":"wp","href":"https:\/\/api.w.org\/{rel}","templated":true}]}}